{"id":475,"date":"2022-08-12T22:20:57","date_gmt":"2022-08-12T22:20:57","guid":{"rendered":"https:\/\/redcoral.la\/?p=475"},"modified":"2025-11-14T14:11:49","modified_gmt":"2025-11-14T14:11:49","slug":"servicio-social-y-practicas-profesionales-para-estudiantes-traductores","status":"publish","type":"post","link":"https:\/\/redcoral.la\/pt\/2022\/08\/12\/servicio-social-y-practicas-profesionales-para-estudiantes-traductores\/","title":{"rendered":"Servicio social y pr\u00e1cticas profesionales para estudiantes traductores"},"content":{"rendered":"<p>Si estudias alguna licenciatura como ling\u00fc\u00edstica, literatura o alguna disciplina af\u00edn y te interesa hacer tu servicio social o pr\u00e1cticas profesionales en un proyecto sobre comunicaci\u00f3n estrat\u00e9gica para la defensa de la tierra y los territorios, \u00a1s\u00famate a CORAL! Estamos buscando personas voluntarias con buen conocimiento del espa\u00f1ol y portugu\u00e9s. Es necesario que tengas disponibilidad para colaborar en la traducci\u00f3n de textos, entrevistas y medios audiovisuales (video, podcast, web, etc). <\/p>\n\n\n\n<p>Periodo de agosto a diciembre de 2022. Si est\u00e1s interesadx, env\u00eda un correo a contacto@redcoral.la <\/p>\n\n\n\n<figure class=\"wp-block-image size-large\"><img loading=\"lazy\" decoding=\"async\" width=\"768\" height=\"1024\" src=\"https:\/\/redcoral.la\/wp-content\/uploads\/2022\/08\/signal-2022-08-12-134445_002-768x1024.jpeg\" alt=\"\" class=\"wp-image-476\" srcset=\"https:\/\/redcoral.la\/wp-content\/uploads\/2022\/08\/signal-2022-08-12-134445_002-768x1024.jpeg 768w, https:\/\/redcoral.la\/wp-content\/uploads\/2022\/08\/signal-2022-08-12-134445_002-225x300.jpeg 225w, https:\/\/redcoral.la\/wp-content\/uploads\/2022\/08\/signal-2022-08-12-134445_002-1152x1536.jpeg 1152w, https:\/\/redcoral.la\/wp-content\/uploads\/2022\/08\/signal-2022-08-12-134445_002-9x12.jpeg 9w, https:\/\/redcoral.la\/wp-content\/uploads\/2022\/08\/signal-2022-08-12-134445_002.jpeg 1200w\" sizes=\"auto, (max-width: 768px) 100vw, 768px\" \/><\/figure>","protected":false},"excerpt":{"rendered":"<p>Si estudias alguna licenciatura como ling\u00fc\u00edstica, literatura o alguna disciplina af\u00edn y te interesa hacer tu servicio social o pr\u00e1cticas profesionales en un proyecto sobre comunicaci\u00f3n estrat\u00e9gica para la defensa de la tierra y los territorios, \u00a1s\u00famate a CORAL! Estamos buscando personas voluntarias con buen conocimiento del espa\u00f1ol y portugu\u00e9s. Es necesario que tengas disponibilidad [&hellip;]<\/p>","protected":false},"author":1,"featured_media":0,"comment_status":"closed","ping_status":"open","sticky":false,"template":"","format":"standard","meta":{"footnotes":""},"categories":[5],"tags":[],"class_list":["post-475","post","type-post","status-publish","format-standard","hentry","category-involucrate"],"blocksy_meta":[],"_links":{"self":[{"href":"https:\/\/redcoral.la\/pt\/wp-json\/wp\/v2\/posts\/475","targetHints":{"allow":["GET"]}}],"collection":[{"href":"https:\/\/redcoral.la\/pt\/wp-json\/wp\/v2\/posts"}],"about":[{"href":"https:\/\/redcoral.la\/pt\/wp-json\/wp\/v2\/types\/post"}],"author":[{"embeddable":true,"href":"https:\/\/redcoral.la\/pt\/wp-json\/wp\/v2\/users\/1"}],"replies":[{"embeddable":true,"href":"https:\/\/redcoral.la\/pt\/wp-json\/wp\/v2\/comments?post=475"}],"version-history":[{"count":1,"href":"https:\/\/redcoral.la\/pt\/wp-json\/wp\/v2\/posts\/475\/revisions"}],"predecessor-version":[{"id":477,"href":"https:\/\/redcoral.la\/pt\/wp-json\/wp\/v2\/posts\/475\/revisions\/477"}],"wp:attachment":[{"href":"https:\/\/redcoral.la\/pt\/wp-json\/wp\/v2\/media?parent=475"}],"wp:term":[{"taxonomy":"category","embeddable":true,"href":"https:\/\/redcoral.la\/pt\/wp-json\/wp\/v2\/categories?post=475"},{"taxonomy":"post_tag","embeddable":true,"href":"https:\/\/redcoral.la\/pt\/wp-json\/wp\/v2\/tags?post=475"}],"curies":[{"name":"wp","href":"https:\/\/api.w.org\/{rel}","templated":true}]}}