{"id":653,"date":"2022-10-24T17:00:44","date_gmt":"2022-10-24T17:00:44","guid":{"rendered":"https:\/\/redcoral.la\/?p=653"},"modified":"2025-11-14T14:10:22","modified_gmt":"2025-11-14T14:10:22","slug":"modelo-de-comunicacion-estrategica","status":"publish","type":"post","link":"https:\/\/redcoral.la\/pt\/2022\/10\/24\/modelo-de-comunicacion-estrategica\/","title":{"rendered":"Ciclo de Comunica\u00e7\u00e3o Estrat\u00e9gica"},"content":{"rendered":"<p class=\"has-large-font-size\">Ciclo de Comunica\u00e7\u00e3o Estrat\u00e9gica para a Defesa do Territ\u00f3rio<\/p>\n\n\n\n<figure class=\"wp-block-image alignright size-full is-resized\"><a href=\"https:\/\/wit.to\/3hDkwVa\"><img loading=\"lazy\" decoding=\"async\" src=\"https:\/\/redcoral.la\/wp-content\/uploads\/2022\/09\/Captura-de-Pantalla-2021-05-11-a-las-10.23.25.png\" alt=\"\" class=\"wp-image-521\" width=\"250\" height=\"377\" srcset=\"https:\/\/redcoral.la\/wp-content\/uploads\/2022\/09\/Captura-de-Pantalla-2021-05-11-a-las-10.23.25.png 574w, https:\/\/redcoral.la\/wp-content\/uploads\/2022\/09\/Captura-de-Pantalla-2021-05-11-a-las-10.23.25-8x12.png 8w\" sizes=\"auto, (max-width: 250px) 100vw, 250px\" \/><\/a><\/figure>\n\n\n\n<p>En este modelo la escucha nutre cada una de sus etapas, como condici\u00f3n para conocer la pluralidad de discursos y puntos de vista, identificar de d\u00f3nde vienen y&nbsp; establecer un aut\u00e9ntico di\u00e1logo.<\/p>\n\n\n\n<p>Es la base para crear planes de comunicaci\u00f3n que contribuyan a tomar, cada momento, las mejores decisiones para comunicar nuestros mensajes. No s\u00f3lo como respuesta inmediata ante hechos coyunturales, sino teniendo en perspectiva el mundo que so\u00f1amos,&nbsp; el horizonte que nos hemos fijado, la concepci\u00f3n que construimos sobre el futuro deseado, y que es la que nos mueve a actuar.<\/p>\n\n\n\n<p>Se basa en dos analog\u00edas para explicar las etapas de trabajo de la comunicaci\u00f3n estrat\u00e9gica: el calendario lunar y el proceso de siembra. Lo dividimos en 4 fases , y cada una contiene diferentes pasos.<\/p>\n\n\n\n<p class=\"has-large-font-size\"><strong>Fase 1<\/strong> \/Lua nova<\/p>\n\n\n\n<p><strong>Planejamento: <\/strong>En esta primera fase de la planeaci\u00f3n, se busca hacer un ejercicio colectivo de an\u00e1lisis que mire al contexto actual, a las y los actores&nbsp; y a la historia del movimiento, retomando su visi\u00f3n pol\u00edtica y asegur\u00e1ndonos de que el plan de comunicaci\u00f3n que vamos a construir vaya en sinton\u00eda con dicha visi\u00f3n.&nbsp;<\/p>\n\n\n\n<p>Pasos:<\/p>\n\n\n\n<p>01. Ponto de partida:<\/p>\n\n\n\n<p>02. Horizonte comum:<\/p>\n\n\n\n<p>03. Caminhos para o horizonte:<\/p>\n\n\n\n<p>04. Com quem dialogamos&nbsp;<\/p>\n\n\n\n<p>05. Vis\u00e3o de mundo<\/p>\n\n\n\n<p class=\"has-large-font-size\"><strong>Fase 2<\/strong> \/ Cuarto Creciente<\/p>\n\n\n\n<figure class=\"wp-block-image alignleft is-resized\"><img loading=\"lazy\" decoding=\"async\" src=\"https:\/\/ectyt.lasandiadigital.org.mx\/wp\/wp-content\/uploads\/2021\/06\/Luna-creciente-1024x952.png\" alt=\"\" class=\"wp-image-214\" width=\"165\" height=\"153\"\/><\/figure>\n\n\n\n<p><strong>PRODU\u00c7\u00c3O <\/strong>Es el periodo en que tomamos lo definido en la fase de planeaci\u00f3n y nos ponemos manos a la obra para dise\u00f1ar mensajes y formas de compartirlos con nuestras audiencias. nuestras audiencias puedan dialogar con nosotras y nosotros.&nbsp;<\/p>\n\n\n\n<p>06. Escolher as sementes<\/p>\n\n\n\n<p>07. Fazer a fenda<\/p>\n\n\n\n<p>08. Germinar e crescer<\/p>\n\n\n\n<figure class=\"wp-block-image alignright is-resized\"><img loading=\"lazy\" decoding=\"async\" src=\"https:\/\/ectyt.lasandiadigital.org.mx\/wp\/wp-content\/uploads\/2021\/06\/Luna-llena-1024x952.png\" alt=\"\" class=\"wp-image-215\" width=\"174\" height=\"162\"\/><\/figure>\n\n\n\n<p class=\"has-large-font-size\"><strong>Fase 3 <\/strong>\/<strong> <\/strong>LUNA LLENA<\/p>\n\n\n\n<p><strong>IMPLEMENTA\u00c7\u00c3O <\/strong>En nuestro plan, es el momento en que comenzamos a presentar nuestro mensaje a las audiencias que identificamos, a trav\u00e9s de los medios que hayamos establecido. Ya estamos generando conversaci\u00f3n social, recibimos respuesta a nuestras acciones comunicativas y sus efectos son completamente visibles.&nbsp;<\/p>\n\n\n\n<p>Pasos:<\/p>\n\n\n\n<p>09. A arte de conversar<\/p>\n\n\n\n<p class=\"has-large-font-size\"><strong>Fase 4<\/strong> \/ Cuarto Menguante<\/p>\n\n\n\n<figure class=\"wp-block-image alignleft is-resized\"><img loading=\"lazy\" decoding=\"async\" src=\"https:\/\/ectyt.lasandiadigital.org.mx\/wp\/wp-content\/uploads\/2021\/06\/Luna-menguante-1024x952.png\" alt=\"\" class=\"wp-image-216\" width=\"187\" height=\"173\"\/><\/figure>\n\n\n\n<p><strong>AVALIA\u00c7\u00c3O:<\/strong> En esta fase, reuniremos toda la informaci\u00f3n o pistas que tengamos sobre lo que se ha ido generando como resultado de nuestras acciones comunicativas. Esta retroalimentaci\u00f3n va a nutrir nuestro plan en cada una de las fases, y tambi\u00e9n nos ayudar\u00e1 a identificar qu\u00e9 podemos mejorar al interior del movimiento en cuanto a la comunicaci\u00f3n. Nos concentramos en observar los resultados obtenidos con nuestras acciones comunicativas y las evaluamos.<\/p>\n\n\n\n<p>Pasos:<\/p>\n\n\n\n<p>10. Colher e recolher: Evaluar el plan de comunicaci\u00f3n<\/p>\n\n\n\n<p>Este modelo es parte de la Gu\u00eda de Comunicaci\u00f3n Estrat\u00e9gica para la Defensa de la Tierra y los Territorios \u00abConstruir los Mundos que So\u00f1amos\u00bb de <a rel=\"noreferrer noopener\" href=\"https:\/\/www.facebook.com\/LaSandiaDigital\" data-type=\"URL\" data-id=\"https:\/\/www.facebook.com\/LaSandiaDigital\" target=\"_blank\">La Sand\u00eda Digital<\/a> y <a rel=\"noreferrer noopener\" href=\"http:\/\/facebook.com\/witnessespanol\" data-type=\"URL\" data-id=\"facebook.com\/witnessespanol\" target=\"_blank\">WITNESS<\/a>. <a rel=\"noreferrer noopener\" href=\"https:\/\/download2390.mediafire.com\/jkb9w5thmdig\/938lf78k7vkyefq\/ES_ConstruirLosMundos_Interactivo_20210921.pdf\" data-type=\"URL\" data-id=\"https:\/\/download2390.mediafire.com\/jkb9w5thmdig\/938lf78k7vkyefq\/ES_ConstruirLosMundos_Interactivo_20210921.pdf\" target=\"_blank\">Puedes descargar la gu\u00eda completa en su versi\u00f3n impresa aqu\u00ed.<\/a><\/p>","protected":false},"excerpt":{"rendered":"<p>Modelo de Comunicaci\u00f3n Estrat\u00e9gica para la Defensa de la Tierra y el Territorio En este modelo la escucha nutre cada una de sus etapas, como condici\u00f3n para conocer la pluralidad de discursos y puntos de vista, identificar de d\u00f3nde vienen y&nbsp; establecer un aut\u00e9ntico di\u00e1logo. Es la base para crear planes de comunicaci\u00f3n que contribuyan [&hellip;]<\/p>","protected":false},"author":1,"featured_media":591,"comment_status":"closed","ping_status":"open","sticky":false,"template":"","format":"standard","meta":{"footnotes":""},"categories":[24],"tags":[],"class_list":["post-653","post","type-post","status-publish","format-standard","has-post-thumbnail","hentry","category-referencias"],"blocksy_meta":[],"_links":{"self":[{"href":"https:\/\/redcoral.la\/pt\/wp-json\/wp\/v2\/posts\/653","targetHints":{"allow":["GET"]}}],"collection":[{"href":"https:\/\/redcoral.la\/pt\/wp-json\/wp\/v2\/posts"}],"about":[{"href":"https:\/\/redcoral.la\/pt\/wp-json\/wp\/v2\/types\/post"}],"author":[{"embeddable":true,"href":"https:\/\/redcoral.la\/pt\/wp-json\/wp\/v2\/users\/1"}],"replies":[{"embeddable":true,"href":"https:\/\/redcoral.la\/pt\/wp-json\/wp\/v2\/comments?post=653"}],"version-history":[{"count":1,"href":"https:\/\/redcoral.la\/pt\/wp-json\/wp\/v2\/posts\/653\/revisions"}],"predecessor-version":[{"id":654,"href":"https:\/\/redcoral.la\/pt\/wp-json\/wp\/v2\/posts\/653\/revisions\/654"}],"wp:featuredmedia":[{"embeddable":true,"href":"https:\/\/redcoral.la\/pt\/wp-json\/wp\/v2\/media\/591"}],"wp:attachment":[{"href":"https:\/\/redcoral.la\/pt\/wp-json\/wp\/v2\/media?parent=653"}],"wp:term":[{"taxonomy":"category","embeddable":true,"href":"https:\/\/redcoral.la\/pt\/wp-json\/wp\/v2\/categories?post=653"},{"taxonomy":"post_tag","embeddable":true,"href":"https:\/\/redcoral.la\/pt\/wp-json\/wp\/v2\/tags?post=653"}],"curies":[{"name":"wp","href":"https:\/\/api.w.org\/{rel}","templated":true}]}}