{"id":885,"date":"2022-12-21T15:17:48","date_gmt":"2022-12-21T15:17:48","guid":{"rendered":"https:\/\/redcoral.la\/?p=885"},"modified":"2025-11-14T14:11:21","modified_gmt":"2025-11-14T14:11:21","slug":"documental-levantamos-nuestras-voces-en-defensa-de-la-vida","status":"publish","type":"post","link":"https:\/\/redcoral.la\/pt\/2022\/12\/21\/documental-levantamos-nuestras-voces-en-defensa-de-la-vida\/","title":{"rendered":"Documental: LEVANTAMOS NUESTRAS VOCES en defensa de la vida"},"content":{"rendered":"<p>Es un documental realizado en el marco de la &#8220;Escuela Latinoamericana de Comunicaci\u00f3n para la Defensa del Territorio &#8211; CORAL&#8221;, donde m\u00e1s de 30 colectivos de 12 pa\u00edses latinoamericanos intercambiaron ideas y experiencias. Mediante un breve repaso de los \u00faltimos 10 a\u00f1os, ofrece una peque\u00f1a visi\u00f3n de la creciente creaci\u00f3n de redes de medios libres en este continente. <\/p>\n\n\n\n<figure class=\"wp-block-embed is-type-video is-provider-youtube wp-block-embed-youtube wp-embed-aspect-16-9 wp-has-aspect-ratio\"><div class=\"wp-block-embed__wrapper\">\n<iframe loading=\"lazy\" title=\"LEVANTAMOS NUESTRAS VOCES en defensa de la vida\" width=\"1290\" height=\"726\" src=\"https:\/\/www.youtube.com\/embed\/mJNtUPfwi88?feature=oembed\" frameborder=\"0\" allow=\"accelerometer; autoplay; clipboard-write; encrypted-media; gyroscope; picture-in-picture; web-share\" referrerpolicy=\"strict-origin-when-cross-origin\" allowfullscreen><\/iframe>\n<\/div><\/figure>","protected":false},"excerpt":{"rendered":"<p>Es un documental realizado en el marco de la &#8220;Escuela Latinoamericana de Comunicaci\u00f3n para la Defensa del Territorio &#8211; CORAL&#8221;, donde m\u00e1s de 30 colectivos de 12 pa\u00edses latinoamericanos intercambiaron ideas y experiencias. Mediante un breve repaso de los \u00faltimos 10 a\u00f1os, ofrece una peque\u00f1a visi\u00f3n de la creciente creaci\u00f3n de redes de medios libres [&hellip;]<\/p>","protected":false},"author":1,"featured_media":0,"comment_status":"closed","ping_status":"open","sticky":false,"template":"","format":"standard","meta":{"footnotes":""},"categories":[8,1],"tags":[],"class_list":["post-885","post","type-post","status-publish","format-standard","hentry","category-blog","category-sin-categoria"],"blocksy_meta":[],"_links":{"self":[{"href":"https:\/\/redcoral.la\/pt\/wp-json\/wp\/v2\/posts\/885","targetHints":{"allow":["GET"]}}],"collection":[{"href":"https:\/\/redcoral.la\/pt\/wp-json\/wp\/v2\/posts"}],"about":[{"href":"https:\/\/redcoral.la\/pt\/wp-json\/wp\/v2\/types\/post"}],"author":[{"embeddable":true,"href":"https:\/\/redcoral.la\/pt\/wp-json\/wp\/v2\/users\/1"}],"replies":[{"embeddable":true,"href":"https:\/\/redcoral.la\/pt\/wp-json\/wp\/v2\/comments?post=885"}],"version-history":[{"count":3,"href":"https:\/\/redcoral.la\/pt\/wp-json\/wp\/v2\/posts\/885\/revisions"}],"predecessor-version":[{"id":888,"href":"https:\/\/redcoral.la\/pt\/wp-json\/wp\/v2\/posts\/885\/revisions\/888"}],"wp:attachment":[{"href":"https:\/\/redcoral.la\/pt\/wp-json\/wp\/v2\/media?parent=885"}],"wp:term":[{"taxonomy":"category","embeddable":true,"href":"https:\/\/redcoral.la\/pt\/wp-json\/wp\/v2\/categories?post=885"},{"taxonomy":"post_tag","embeddable":true,"href":"https:\/\/redcoral.la\/pt\/wp-json\/wp\/v2\/tags?post=885"}],"curies":[{"name":"wp","href":"https:\/\/api.w.org\/{rel}","templated":true}]}}