{"id":924,"date":"2023-03-02T19:56:45","date_gmt":"2023-03-02T19:56:45","guid":{"rendered":"https:\/\/redcoral.la\/?p=924"},"modified":"2025-11-14T14:09:53","modified_gmt":"2025-11-14T14:09:53","slug":"alto-a-la-violencia-en-contra-de-lideres-lideresas-y-defensores-as-de-los-pueblos-y-comunidades-indigenas-en-abya-yala","status":"publish","type":"post","link":"https:\/\/redcoral.la\/pt\/2023\/03\/02\/alto-a-la-violencia-en-contra-de-lideres-lideresas-y-defensores-as-de-los-pueblos-y-comunidades-indigenas-en-abya-yala\/","title":{"rendered":"ALTO A LA VIOLENCIA EN CONTRA DE L\u00cdDERES\/LIDERESAS Y DEFENSORES\/AS\u00a0DE LOS PUEBLOS Y COMUNIDADES IND\u00cdGENAS EN ABYA YALA"},"content":{"rendered":"<p class=\"has-text-align-right\">Abya Yala, a 2 de marzo de 2023<\/p>\n\n\n\n<p class=\"has-text-align-center\"><strong>PRONUNCIAMIENTO<\/strong><\/p>\n\n\n\n<ul class=\"wp-block-list\">\n<li>Alto a la violencia en contra de l\u00edderes\/lideresas y defensores\/as de los pueblos y comunidades ind\u00edgenas en la Abya Yala, en particular nos pronunciamos frente al asesinato ocurrido recientemente en el Ecuador de Eduardo Mend\u00faa y las desapariciones en M\u00e9xico de Ricardo Lagunes Gasca y Antonio D\u00edaz Valencia<\/li>\n\n\n\n<li>Alto a los asesinatos y desapariciones de personajes p\u00fablicos comunitarios en nuestra Abya Yala<\/li>\n\n\n\n<li>Exigimos el respeto de la libre autodeterminaci\u00f3n de los pueblos para que puedan decidir sobre sus propios territorios<\/li>\n\n\n\n<li>Donde los pueblos lo han demandado, se debe dar inicio a procesos de consulta previa, libre e informada sobre disposici\u00f3n de sus territorios en las comunidades ind\u00edgenas seg\u00fan lo que establecen los acuerdos internacionales y la mayor\u00eda de constituciones en Am\u00e9rica Latina<\/li>\n\n\n\n<li>Exigimos garant\u00edas de seguridad e integridad f\u00edsica, as\u00ed como justicia y reparaci\u00f3n de da\u00f1os a las v\u00edctimas, sus familias, comunidades y organizaciones cercanas&nbsp;<\/li>\n<\/ul>\n\n\n\n<p><strong>Quienes suscribimos, integrantes de diversos medios de comunicaci\u00f3n comunitaria en la Abya Yala, reunidos en la Red Coral; expresamos nuestra preocupaci\u00f3n e indignaci\u00f3n por los recientes hechos de violencia ocurridos en la hermana Rep\u00fablica del Ecuador y la nula protecci\u00f3n del Estado para quienes son defensores\/as de sus territorios y los derechos humanos.<\/strong><\/p>\n\n\n\n<p><strong>Exigimos el inicio de procesos de consulta previa, libre e informada para los pueblos ind\u00edgenas de acuerdo a lo establecido en las leyes constitucionales de varios pa\u00edses de la regi\u00f3n latinoamericana.<\/strong><\/p>\n\n\n\n<p><strong>ALTO A LOS ASESINATOS EN ECUADOR; (por parte del Estado)<\/strong><\/p>\n\n\n\n<p>El Gobierno del Ecuador ha presionado para ampliar la producci\u00f3n petrolera, pretendiendo ingresar a territorios de las diferentes nacionalidades ind\u00edgenas, pero con el \u00fanico objetivo de obtener el recurso natural, sin preocuparse del desarrollo de las comunidades locales, lo que ha significado una divisi\u00f3n en su tejido social, destrucci\u00f3n de su cultura y p\u00e9rdida de territorio. Lo descrito es ya un <em>modus operandi<\/em> del Estado y de las transnacionales petroleras en la Amazon\u00eda norte del Ecuador, y por ello denunciamos este grave hecho que ceg\u00f3 la vida de un defensor de la naturaleza y de los derechos colectivos del pueblo Kof\u00e1n.<\/p>\n\n\n\n<p>Considerando al Ecuador como un pa\u00eds democr\u00e1tico, exigimos el inicio del proceso de consulta previa, libre e informada, de acuerdo a lo que establece su Constituci\u00f3n, para determinar el uso de los territorios por las comunidadades que ancestralmente habitan en \u00e9l; debe suspenderse toda actividad extractiva, as\u00ed como realizar una investigaci\u00f3n real para dar con el paradero de los autores materiales e intelectuales del asesinato de Eduardo Mend\u00faa.<\/p>\n\n\n\n<p>Ecuador ha sido escenario de enfrentamientos entre la poblaci\u00f3n -sobretodo ind\u00edgena- y las fuerzas del Estado desde el a\u00f1o 2019; una de las razones principales de ello, ha sido el un\u00e1nime rechazo a proyectos extractivistas, manejados por empresas internacionales, que atentan contra la vida de los propios habitantes y de la naturaleza.<strong>&nbsp;<\/strong><\/p>\n\n\n\n<p><strong>ALTO A LA DESAPARICI\u00d3N DE DEFENSORES\/AS EN M\u00c9XICO (interconexi\u00f3n de intereses: Estado, empresa, crimen organizado)<\/strong><\/p>\n\n\n\n<p>Por su parte en M\u00e9xico contin\u00faa la desaparici\u00f3n desde hace m\u00e1s de 45 d\u00edas de<a href=\"https:\/\/redtdt.org.mx\/archivos\/18031\"> <\/a><a href=\"https:\/\/redtdt.org.mx\/archivos\/18031\" target=\"_blank\" rel=\"noreferrer noopener\">Ricardo Arturo Lagunes Gasca y Antonio D\u00edaz Valencia<\/a>, defensores de pueblos ind\u00edgenas y derecho al medio ambiente, quienes se encontraban en el estado de Michoac\u00e1n apoyando a comunidades ind\u00edgenas frente a la miner\u00eda. En este pa\u00eds la impunidad es un signo que prevalece en la justicia y env\u00eda un mensaje de permisividad para quienes cometen cr\u00edmenes contra las personas guardianas del territorio lo cual, entre otras cosas, ha hecho que esta violencia siga aumentando, poniendo cada vez en mayor riesgo a las personas y comunidades que llevan a cabo esta crucial labor.&nbsp;<\/p>\n\n\n\n<p><strong>EXIGIMOS JUSTICIA A LAS V\u00cdCTIMAS, SUS FAMILIAS Y A LAS COMUNIDADES AFECTADAS&nbsp;<\/strong><\/p>\n\n\n\n<p>Exigimos garant\u00edas de seguridad e integridad f\u00edsica, as\u00ed como justicia y reparaci\u00f3n de da\u00f1os a las v\u00edctimas, sus familias, comunidades y organizaciones cercanas.<\/p>\n\n\n\n<p><strong>\u00a1ALTO A LOS ASESINATOS DE QUIENES DEFIENDEN SU TIERRA!<\/strong><\/p>\n\n\n\n<p><strong>\u00a1RESPETO A QUIENES DEFIENDEN SUS DERECHOS HUMANOS!<\/strong><\/p>\n\n\n\n<p><strong>\u00a1EXIGIMOS JUSTICIA Y REPARACI\u00d3N DE DA\u00d1OS A LAS V\u00cdCTIMAS Y SUS FAMILIAS!<\/strong><\/p>\n\n\n\n<p>ATENTAMENTE,<\/p>\n\n\n\n<p>Red Coral<\/p>\n\n\n\n<p>Antena Negra TV- Argentina<\/p>\n\n\n\n<p>Bombozila- Brasil<\/p>\n\n\n\n<p>Coletivo Catarse &#8211; Brasil<\/p>\n\n\n\n<p>ComoLaCigarraRadio.Com- Colombia<\/p>\n\n\n\n<p>Maizal- Per\u00fa\/ Ecuador<\/p>\n\n\n\n<p>Laboratorio Popular de Medios Libres \u2013 M\u00e9xico<\/p>\n\n\n\n<p>La Sand\u00eda Digital- M\u00e9xico<\/p>\n\n\n\n<p>Proyecto Comunitario Qayaqpuma &#8211; Per\u00fa<\/p>\n\n\n\n<p>Radio JGM- Chile<\/p>\n\n\n\n<p>Radio Kurruf &#8211; Chile<\/p>\n\n\n\n<p>Red de la Diversidad Wayna Tambo &#8211; Bolivia<\/p>\n\n\n\n<p>Red Mayese de Guardianas y Guardianes de Semillas &#8211; M\u00e9xico<\/p>\n\n\n\n<p>Witness Am\u00e9rica Latina<\/p>\n\n\n\n<p>Witness Brasil<\/p>\n\n\n\n<p><\/p>\n\n\n\n<p>Para sumar firmas de organizaciones y colectivos escr\u00edbenos a contacto@redcoral.la&nbsp;<\/p>","protected":false},"excerpt":{"rendered":"<p>Quienes suscribimos, integrantes de diversos medios de comunicaci\u00f3n comunitaria en la Abya Yala, reunidos en la Red Coral; expresamos nuestra preocupaci\u00f3n e indignaci\u00f3n por los recientes hechos de violencia ocurridos en la hermana Rep\u00fablica del Ecuador y la nula protecci\u00f3n del Estado para quienes son defensores de sus territorios y los derechos humanos.<\/p>","protected":false},"author":1,"featured_media":936,"comment_status":"closed","ping_status":"open","sticky":false,"template":"","format":"standard","meta":{"footnotes":""},"categories":[8,1],"tags":[],"class_list":["post-924","post","type-post","status-publish","format-standard","has-post-thumbnail","hentry","category-blog","category-sin-categoria"],"blocksy_meta":[],"_links":{"self":[{"href":"https:\/\/redcoral.la\/pt\/wp-json\/wp\/v2\/posts\/924","targetHints":{"allow":["GET"]}}],"collection":[{"href":"https:\/\/redcoral.la\/pt\/wp-json\/wp\/v2\/posts"}],"about":[{"href":"https:\/\/redcoral.la\/pt\/wp-json\/wp\/v2\/types\/post"}],"author":[{"embeddable":true,"href":"https:\/\/redcoral.la\/pt\/wp-json\/wp\/v2\/users\/1"}],"replies":[{"embeddable":true,"href":"https:\/\/redcoral.la\/pt\/wp-json\/wp\/v2\/comments?post=924"}],"version-history":[{"count":19,"href":"https:\/\/redcoral.la\/pt\/wp-json\/wp\/v2\/posts\/924\/revisions"}],"predecessor-version":[{"id":948,"href":"https:\/\/redcoral.la\/pt\/wp-json\/wp\/v2\/posts\/924\/revisions\/948"}],"wp:featuredmedia":[{"embeddable":true,"href":"https:\/\/redcoral.la\/pt\/wp-json\/wp\/v2\/media\/936"}],"wp:attachment":[{"href":"https:\/\/redcoral.la\/pt\/wp-json\/wp\/v2\/media?parent=924"}],"wp:term":[{"taxonomy":"category","embeddable":true,"href":"https:\/\/redcoral.la\/pt\/wp-json\/wp\/v2\/categories?post=924"},{"taxonomy":"post_tag","embeddable":true,"href":"https:\/\/redcoral.la\/pt\/wp-json\/wp\/v2\/tags?post=924"}],"curies":[{"name":"wp","href":"https:\/\/api.w.org\/{rel}","templated":true}]}}