{"id":953,"date":"2023-05-24T16:17:31","date_gmt":"2023-05-24T16:17:31","guid":{"rendered":"https:\/\/redcoral.la\/?p=953"},"modified":"2025-11-14T14:09:49","modified_gmt":"2025-11-14T14:09:49","slug":"pronunciamiento-continental-de-medios-de-comunicacion-alternativos-del-abya-yala-en-relacion-a-la-situacion-en-ecuador","status":"publish","type":"post","link":"https:\/\/redcoral.la\/pt\/2023\/05\/24\/pronunciamiento-continental-de-medios-de-comunicacion-alternativos-del-abya-yala-en-relacion-a-la-situacion-en-ecuador\/","title":{"rendered":"Pronunciamiento continental de Medios de Comunicaci\u00f3n Alternativos del Abya Yala en relaci\u00f3n a la situaci\u00f3n en Ecuador"},"content":{"rendered":"<p>A la opini\u00f3n p\u00fablica de Am\u00e9rica Latina y pa\u00edses del Caribe:<\/p>\n\n\n\n<p>A los medios independientes, libres, comunitarios, alternativos o como quieran ser llamados del Abya Yala y m\u00e1s all\u00e1:<\/p>\n\n\n\n<p>Quienes suscribimos, somos representantes de medios de comunicaci\u00f3n comunitarios y alternativos, de pueblos, comunidades y organizaciones ind\u00edgenas y afrodescendientes del Abya Yala; y en conjunto, realizamos el presente pronunciamiento para alertar sobre la compleja situaci\u00f3n que est\u00e1n viviendo lxs hermanxs en Ecuador, donde mantener la serenidad pol\u00edtica ser\u00e1 determinante para NO dar espacio al uso represivo del aparato del Estado contra su poblaci\u00f3n, como innumerables veces, y de maneras muy dolorosas, ha sucedido en nuestro continente, con violaciones a los derechos humanos que han generado cicatrices sociales imborrables.&nbsp;<\/p>\n\n\n\n<p>La grave situaci\u00f3n pol\u00edtica que vive la Rep\u00fablica del Ecuador, lleg\u00f3 a su punto de quiebre cuando el pasado mi\u00e9rcoles 17 de mayo, el actual presidente Guillermo Lasso, disolvi\u00f3 la Asamblea Nacional, a ra\u00edz de un juicio pol\u00edtico abierto en su contra, en el propio Congreso, donde estaba siendo juzgado y ser\u00eda declarado culpable al incurrir en actos de corrupci\u00f3n.<\/p>\n\n\n\n<p>Si bien, el presidente cuenta con el poder legal para disolver el Poder Legislativo, de acuerdo a la Constituci\u00f3n ecuatoriana; qued\u00f3 en evidencia el uso faccioso de las leyes por parte del mandatario, para evadir la justicia, por lo tanto, denunciamos que la actuaci\u00f3n presidencial no tiene un sustento leg\u00edtimo; donde adem\u00e1s, abre la puerta a una dictadura, al pretender gobernar, imponiendo mediante decretos durante los pr\u00f3ximos 6 meses, (tiempo que estar\u00e1 en funciones de manera legal), una serie de medidas privatizadoras de los bienes nacionales, que ya hab\u00edan sido rechazadas por la Asamblea Nacional, por ser totalmente contrarias a los intereses de esa naci\u00f3n.<\/p>\n\n\n\n<p>Manifestamos nuestra preocupaci\u00f3n por el siempre desafortunado papel de la ONU y OEA, exhibiendo su doble moral, de acuerdo a los intereses econ\u00f3micos que protegen; en Per\u00fa el presidente Pedro Castillo, de corte social, fue defenestrado y est\u00e1 en la c\u00e1rcel, bajo el benepl\u00e1cito de estos organismos internacionales,por intentar utilizar la misma figura constitucional que en Ecuador: disolver el congreso. Por el contrario, el presidente Lasso ha sido llamado, <em>un dem\u00f3crata<\/em>. <em>&nbsp;&nbsp;<\/em><\/p>\n\n\n\n<p>Hacemos un llamado a las fuerzas militares y policiacas del hermano pa\u00eds del Ecuador a no caer en la trampa de la represi\u00f3n; los ojos del mundo estar\u00e1n puestos en su actuar, en relaci\u00f3n a la protecci\u00f3n de los derechos humanos de las y los ecuatorianos.<\/p>\n\n\n\n<p>Les recordamos, -a las Fuerzas Armadas-, que decidieron apoyar a un presidente con el 92% de desaprobaci\u00f3n popular y quien provoc\u00f3, en menos de 2 a\u00f1os de gesti\u00f3n, la mayor crisis migratoria en los \u00faltimos 40 a\u00f1os para el pa\u00eds, al obligar a emigrar a su poblaci\u00f3n ante un empobrecimiento acelerado.&nbsp;<\/p>\n\n\n\n<p>Denunciamos tambi\u00e9n que la presidencia de Guillermo Lasso -2 a\u00f1os-, se ha caracterizado por una sistem\u00e1tica pol\u00edtica de beneficio a los sectores empresariales y tambi\u00e9n por la narcotizaci\u00f3n del Estado; han&nbsp; ocurrido masacres dentro de c\u00e1rceles ecuatorianas que han tenido como resultado m\u00e1s de 400 personas asesinadas.&nbsp;<\/p>\n\n\n\n<p>Pedimos a los gobiernos, organismos internacionales y organizaciones sociales de todo el continente, a estar atentos del actuar del Estado ecuatoriano respetando la vida humana por sobretodo.<\/p>\n\n\n\n<p>Enviamos desde los pa\u00edses de Am\u00e9rica Latina y el Caribe, adem\u00e1s de otros pa\u00edses solidarios, nuestro respaldo y cari\u00f1o a lxs hermanxs de Ecuador.<\/p>\n\n\n\n<p>Somos pueblos de paz, tejiendo la palabra para comunicar la defensa y cuidado de la vida y nuestros territorios.<\/p>\n\n\n\n<p>Abya Yala, 23 de mayo de 2023<\/p>","protected":false},"excerpt":{"rendered":"<p>A la opini\u00f3n p\u00fablica de Am\u00e9rica Latina y pa\u00edses del Caribe: A los medios independientes, libres, comunitarios, alternativos o como quieran ser llamados del Abya Yala y m\u00e1s all\u00e1: Quienes suscribimos, somos representantes de medios de comunicaci\u00f3n comunitarios y alternativos, de pueblos, comunidades y organizaciones ind\u00edgenas y afrodescendientes del Abya Yala; y en conjunto, realizamos [&hellip;]<\/p>","protected":false},"author":1,"featured_media":961,"comment_status":"closed","ping_status":"open","sticky":false,"template":"","format":"standard","meta":{"footnotes":""},"categories":[8],"tags":[],"class_list":["post-953","post","type-post","status-publish","format-standard","has-post-thumbnail","hentry","category-blog"],"blocksy_meta":[],"_links":{"self":[{"href":"https:\/\/redcoral.la\/pt\/wp-json\/wp\/v2\/posts\/953","targetHints":{"allow":["GET"]}}],"collection":[{"href":"https:\/\/redcoral.la\/pt\/wp-json\/wp\/v2\/posts"}],"about":[{"href":"https:\/\/redcoral.la\/pt\/wp-json\/wp\/v2\/types\/post"}],"author":[{"embeddable":true,"href":"https:\/\/redcoral.la\/pt\/wp-json\/wp\/v2\/users\/1"}],"replies":[{"embeddable":true,"href":"https:\/\/redcoral.la\/pt\/wp-json\/wp\/v2\/comments?post=953"}],"version-history":[{"count":5,"href":"https:\/\/redcoral.la\/pt\/wp-json\/wp\/v2\/posts\/953\/revisions"}],"predecessor-version":[{"id":960,"href":"https:\/\/redcoral.la\/pt\/wp-json\/wp\/v2\/posts\/953\/revisions\/960"}],"wp:featuredmedia":[{"embeddable":true,"href":"https:\/\/redcoral.la\/pt\/wp-json\/wp\/v2\/media\/961"}],"wp:attachment":[{"href":"https:\/\/redcoral.la\/pt\/wp-json\/wp\/v2\/media?parent=953"}],"wp:term":[{"taxonomy":"category","embeddable":true,"href":"https:\/\/redcoral.la\/pt\/wp-json\/wp\/v2\/categories?post=953"},{"taxonomy":"post_tag","embeddable":true,"href":"https:\/\/redcoral.la\/pt\/wp-json\/wp\/v2\/tags?post=953"}],"curies":[{"name":"wp","href":"https:\/\/api.w.org\/{rel}","templated":true}]}}